{"id":24334,"date":"2021-05-15T12:06:05","date_gmt":"2021-05-15T17:06:05","guid":{"rendered":"https:\/\/arcoiris.com.co\/v3\/?p=24334"},"modified":"2021-06-01T13:34:12","modified_gmt":"2021-06-01T18:34:12","slug":"una-carta-para-puerto-resistencia","status":"publish","type":"post","link":"https:\/\/arcoiris.com.co\/v3\/2021\/05\/una-carta-para-puerto-resistencia\/","title":{"rendered":"Una carta de William Ospina para Puerto Resistencia"},"content":{"rendered":"\n<p>Estuvimos juntos siempre pero solo ahora estamos juntos. Siempre nos conocimos y apenas empezamos a conocernos. \u00bfQui\u00e9nes son estas muchachas y estos muchachos firmes y conmovidos que nos hablan por primera vez? Son los que fuimos, sue\u00f1an lo que so\u00f1amos, hacen por fin lo que siempre quisimos hacer. Est\u00e1n aqu\u00ed desde hace siglos y sin embargo acaban de nacer, y por sus labios hablan estos mares, y por sus manos corren estos r\u00edos, y son de todos los colores: han nacido en los valles, en las monta\u00f1as, en los litorales, en las ciudades.<\/p>\n\n\n\n<p>Son la voz de un pa\u00eds descubriendo su dignidad, reclamando por fin lo que le deben hace ya varios siglos; la patria que todos merecimos, la felicidad que nos robaron, los muertos que se llevaron los r\u00edos, el pan que aqu\u00ed no pusieron sino en unas cuantas mesas, la educaci\u00f3n que les pintaron como un lujo cuando han debido d\u00e1rsela como el mayor derecho.<\/p>\n\n\n\n<p>\u00bfQu\u00e9 es lo que quieren estos j\u00f3venes? Pues lo que quiere todo p\u00e1jaro: poder volar y cantar; lo que quiere todo r\u00edo, poder seguir su camino; lo que sue\u00f1a toda vida, celebrar el mundo, merecer un destino, disfrutar de este breve tiempo que nos dieron sin sentir ese regusto amargo de que la tierra es de unos cuantos, de que la vida verdadera es de unos pocos, de que tenemos que dejar morir las ideas en nuestras cabezas, el talento en nuestras manos y el amor en nuestros corazones,&nbsp; porque el pa\u00eds es de cuatro due\u00f1os, porque los que tienen la tierra en vez de ponerla a producir la forran en alambre de p\u00faas, porque los que creen tener la cultura quieren guardarla en una caja fuerte.<\/p>\n\n\n\n<p>\u00a1Adelante, los hijos de una edad m\u00e1s orgullosa y m\u00e1s valiente! Ustedes lo merecen todo: no se conformen con migajas. El Estado ha dicho que les va a ofrecer educaci\u00f3n superior gratuita. Tal vez sea una buena decisi\u00f3n, pero no es suficiente. Si muchos j\u00f3venes no han podido siquiera terminar su bachillerato, \u00bfc\u00f3mo podr\u00edan entrar a la universidad aunque no les cobren matr\u00edcula? Muchos no tienen qu\u00e9 comer en sus casas, y muchos tienen incluso hijitos que mantener.<\/p>\n\n\n\n<p>Es ya la educaci\u00f3n lo que debe cambiar. Hemos visto muchos graduados de la universidad que ni siquiera as\u00ed encuentran un lugar en la sociedad, y muchos tienen que irse a buscar en otra parte lo que su pa\u00eds debi\u00f3 darles. Aqu\u00ed no bastan ya los t\u00edtulos: necesitamos un pa\u00eds que ofrezca alternativas, que valore el talento, que est\u00e9 hecho para engrandecernos y no para este desprecio cotidiano.<\/p>\n\n\n\n<p>Pero solo es as\u00ed como cambian los tiempos: cuando cada quien sabe lo que vale y ya no se resigna simplemente a pedir sino que exige, sino que propone e impone los cambios.<\/p>\n\n\n\n<p>Alguien creer\u00e1 que es mucha gracia no cobrarles por aprender. Yo digo que la sociedad deber\u00eda pagarles por aprender. Permitirles ser m\u00e9dicos, ser ingenieros, ser matem\u00e1ticos, ser qu\u00edmicos, ser arquitectos. Pero tener tambi\u00e9n, mientras estudian, salud, ingresos, tiempo libre, lo que algunos siempre tuvieron y aqu\u00ed las mayor\u00edas no tuvieron nunca.<\/p>\n\n\n\n<p>Ustedes ya han comprendido qu\u00e9 gran pa\u00eds podr\u00edamos llegar a ser si se cultivara nuestro talento. Y si la educaci\u00f3n es la mejor inversi\u00f3n de un pa\u00eds \u00bfpor qu\u00e9 habr\u00eda que pagar tanto por ella? El pa\u00eds debe invertir en sus j\u00f3venes, no solo en algunos, en todos, y no dejarlos abandonados en las fronteras del peligro y de la muerte, y permitirles que cada quien atienda su vocaci\u00f3n: ser tambi\u00e9n empresarios, artistas, agricultores, artesanos, comerciantes, m\u00fasicos, inventores.<\/p>\n\n\n\n<p>Hay cosas que se aprenden en las aulas, hay otras que se aprenden en las calles, hay otras que se aprenden en las selvas. Que el pa\u00eds abra sus salones de montes y de r\u00edos, de mares y llanuras, all\u00ed donde hay que aprender ahora las ciencias m\u00e1s necesarias: c\u00f3mo curar el agua, c\u00f3mo salvar el mundo, c\u00f3mo producir alimentos org\u00e1nicos, comida sana, c\u00f3mo cambiar las fuentes de energ\u00eda, c\u00f3mo proteger a las abejas y a los jaguares, c\u00f3mo limpiar los r\u00edos, c\u00f3mo crear una econom\u00eda justa, c\u00f3mo hacer una industria que no contamine, una arquitectura que dialogue con la naturaleza y con el clima, c\u00f3mo hacer ciudades bellas, amables con su gente.<\/p>\n\n\n\n<p>No todas las profesiones est\u00e1n inventadas, el mundo nos demuestra que hay mucho qu\u00e9 crear, mucho qu\u00e9 transformar, una nueva manera de habitar en la tierra, y todo eso est\u00e1 brotando, y lo que ustedes hacen hoy, reclamar con valent\u00eda, luchar con firmeza, hacerse respetar de los poderes vanidosos y muchas veces corruptos, es parte de ese mundo nuevo que est\u00e1 naciendo.<\/p>\n\n\n\n<p>No: no es solo Colombia lo que est\u00e1 despertando en Puerto Resistencia, y en todos los puertos resistencia que hay en el pa\u00eds: es un mundo nuevo, es el futuro que nos hab\u00edan robado, es la alegr\u00eda que nos prohibieron, es la solidaridad que nos negaron, es la esperanza inmensa para un planeta que se estaba cayendo a pedazos, y tal vez frente a ustedes hay unos muchachos con uniforme que saben que necesitan el mismo futuro.<\/p>\n\n\n\n<p>Es la certeza antigua de que la voz del pueblo es la voz de Dios, y que la juventud est\u00e1 m\u00e1s cerca de la naturaleza y es la mejor aliada de la vida. Es la prueba de que el vigor, la belleza y la alegr\u00eda&nbsp; son dones que la vida le ha dado a la especie para que sepa renacer a tiempo de sus cenizas, para que invente una vez m\u00e1s el mundo.<\/p>\n","protected":false},"excerpt":{"rendered":"<p>\u00bfQu\u00e9 es lo que quieren estos j\u00f3venes? Pues lo que quiere todo p\u00e1jaro: poder volar y cantar; lo que quiere todo r\u00edo, poder seguir su camino; lo que sue\u00f1a toda vida, celebrar el mundo, merecer un destino<\/p>\n","protected":false},"author":5,"featured_media":24367,"comment_status":"closed","ping_status":"closed","sticky":true,"template":"","format":"standard","meta":{"_et_pb_use_builder":"","_et_pb_old_content":"","_et_gb_content_width":"","footnotes":""},"categories":[634,31,633,648],"tags":[],"class_list":["post-24334","post","type-post","status-publish","format-standard","has-post-thumbnail","hentry","category-construccion-de-paz","category-documentos","category-opinion","category-protesta-y-movilizacion-social"],"_links":{"self":[{"href":"https:\/\/arcoiris.com.co\/v3\/wp-json\/wp\/v2\/posts\/24334","targetHints":{"allow":["GET"]}}],"collection":[{"href":"https:\/\/arcoiris.com.co\/v3\/wp-json\/wp\/v2\/posts"}],"about":[{"href":"https:\/\/arcoiris.com.co\/v3\/wp-json\/wp\/v2\/types\/post"}],"author":[{"embeddable":true,"href":"https:\/\/arcoiris.com.co\/v3\/wp-json\/wp\/v2\/users\/5"}],"replies":[{"embeddable":true,"href":"https:\/\/arcoiris.com.co\/v3\/wp-json\/wp\/v2\/comments?post=24334"}],"version-history":[{"count":0,"href":"https:\/\/arcoiris.com.co\/v3\/wp-json\/wp\/v2\/posts\/24334\/revisions"}],"wp:featuredmedia":[{"embeddable":true,"href":"https:\/\/arcoiris.com.co\/v3\/wp-json\/wp\/v2\/media\/24367"}],"wp:attachment":[{"href":"https:\/\/arcoiris.com.co\/v3\/wp-json\/wp\/v2\/media?parent=24334"}],"wp:term":[{"taxonomy":"category","embeddable":true,"href":"https:\/\/arcoiris.com.co\/v3\/wp-json\/wp\/v2\/categories?post=24334"},{"taxonomy":"post_tag","embeddable":true,"href":"https:\/\/arcoiris.com.co\/v3\/wp-json\/wp\/v2\/tags?post=24334"}],"curies":[{"name":"wp","href":"https:\/\/api.w.org\/{rel}","templated":true}]}}