{"id":24336,"date":"2021-05-17T17:54:52","date_gmt":"2021-05-17T22:54:52","guid":{"rendered":"https:\/\/arcoiris.com.co\/v3\/?p=24336"},"modified":"2021-05-31T10:32:36","modified_gmt":"2021-05-31T15:32:36","slug":"hacia-donde-va-el-paro-nacional","status":"publish","type":"post","link":"https:\/\/arcoiris.com.co\/v3\/2021\/05\/hacia-donde-va-el-paro-nacional\/","title":{"rendered":"\u00bfHacia d\u00f3nde va el Paro Nacional?"},"content":{"rendered":"\n<p>Por Oto Higuita \/ Fotos: Jennifer Rueda<\/p>\n\n\n\n<p><strong>\u00bfHacia d\u00f3nde va lo que empez\u00f3 como un Paro Nacional y se convirti\u00f3 en un Estallido Social, en Colombia? <\/strong>&nbsp;<\/p>\n\n\n\n<p><br \/>Alguien hizo esta pregunta en las redes sociales, la misma que se est\u00e1n haciendo muchos, dos semanas despu\u00e9s de haberse iniciado el Paro Nacional el pasado 28 de abril.<\/p>\n\n\n\n<p>\u00abMe da esperanza todo esto, \u00bfpero cu\u00e1l es la direcci\u00f3n? \u00bfCu\u00e1l es el verdadero norte?\u00bb<\/p>\n\n\n\n<p>Nadie tiene completamente claro hoy para d\u00f3nde va el Paro Nacional, que como magma inagotable de un volc\u00e1n llamado Colombia que explot\u00f3, sigue expulsando la lava del hist\u00f3rico descontento acumulado en sus profundidades.<\/p>\n\n\n\n<p>El Paro que empez\u00f3 como una protesta contra la reforma tributaria del gobierno de Iv\u00e1n Duque, con el paso de los d\u00edas y la tenaz resistencia de millones de j\u00f3venes en las calles, se ha convertido en un Estallido Social. &nbsp;<\/p>\n\n\n\n<p>Lo que tiene desconcertado a propios y extra\u00f1os es que el Paro se ha extendido m\u00e1s de dos semanas, adem\u00e1s, en medio de la pandemia del Coronavirus 19 que ha alcanzado una cifra de mortandad de 500 personas diariamente, 3.031.726 de contagiados en todo el pa\u00eds&nbsp; y una cifra total de fallecidos de 78.770.<\/p>\n\n\n\n<div class=\"wp-block-image\"><figure class=\"aligncenter size-large\"><img loading=\"lazy\" decoding=\"async\" width=\"427\" height=\"640\" src=\"https:\/\/arcoiris.com.co\/v3\/wp-content\/uploads\/2021\/05\/WhatsApp-Image-2021-05-07-at-11.44.51-4-427x640.jpeg\" alt=\"\" class=\"wp-image-24255\" srcset=\"https:\/\/arcoiris.com.co\/v3\/wp-content\/uploads\/2021\/05\/WhatsApp-Image-2021-05-07-at-11.44.51-4-427x640.jpeg 427w, https:\/\/arcoiris.com.co\/v3\/wp-content\/uploads\/2021\/05\/WhatsApp-Image-2021-05-07-at-11.44.51-4-200x300.jpeg 200w, https:\/\/arcoiris.com.co\/v3\/wp-content\/uploads\/2021\/05\/WhatsApp-Image-2021-05-07-at-11.44.51-4-768x1152.jpeg 768w, https:\/\/arcoiris.com.co\/v3\/wp-content\/uploads\/2021\/05\/WhatsApp-Image-2021-05-07-at-11.44.51-4-scaled.jpeg 566w\" sizes=\"(max-width: 427px) 100vw, 427px\" \/><figcaption>Performance en el Parque de la Resistencia (antes Deseos)<\/figcaption><\/figure><\/div>\n\n\n\n<p>A\u00fan as\u00ed, cientos de miles de ciudadanos siguen manifest\u00e1ndose diariamente en las calles, como si estuvieran desafiando un virus peor que el Covid.<\/p>\n\n\n\n<p>No hay duda, Colombia ha vivido enferma por el virus de la <strong><em>narcoligarqu\u00eda,<\/em><\/strong> una oscura alianza entre sectores oligarcas tradicionales liberal-conservadores con narcotraficantes.&nbsp;<\/p>\n\n\n\n<p>La situaci\u00f3n del pa\u00eds se ha tornado extremadamente vol\u00e1til, pero al mismo tiempo esperanzadora. Se mueve entre la brutal represi\u00f3n Estatal y la resistencia y batalla simb\u00f3lica de millones de j\u00f3venes que con <strong><em>digna rabia<\/em><\/strong> se movilizan en las calles y avenidas, transgrediendo los valores tradicionales de una sociedad en estado de descomposici\u00f3n.<\/p>\n\n\n\n<p>A la sociedad que se expresa multitudinariamente hoy en las calles, se le agot\u00f3 la paciencia que soport\u00f3 por d\u00e9cadas, y hastiada y cansada de tanta miseria, injusticia social, corrupci\u00f3n, terrorismo de Estado, asesinato sistem\u00e1tico de l\u00edderes sociales e incumplimiento del acuerdo de paz, estall\u00f3 y desaf\u00eda sin miedo al r\u00e9gimen de la narcoligarqu\u00eda.<\/p>\n\n\n\n<p>En medio de un derroche de creatividad, vuelve a pintar el graffiti que borra la mano asesina; baila y canta en charanga Duque chao, chao en Fontib\u00f3n; sale en masiva marcha de antorchas por el barrio Castilla y las comunas de Medell\u00edn; protege y cuida a los manifestantes la Guardia y Minga Ind\u00edgena en Cali, de bandas fascistas que les disparan sin conseguir doblegar su rebeld\u00eda ancestral; se paran duro contra el ESMAD y la polic\u00eda en los puntos de resistencia y sus primeras l\u00edneas en Cali, Buga y Popay\u00e1n, en una sinfon\u00eda de alegr\u00eda y convicci\u00f3n que desborda todos los par\u00e1metros de an\u00e1lisis para explicar por qu\u00e9 se ha extendido tanto la lucha, y para d\u00f3nde va todo esto.<\/p>\n\n\n\n<p>Al momento dos tendencias se disputan el escenario de lucha, dentro del levantamiento popular en Colombia.<\/p>\n\n\n\n<p><strong><em>Una<\/em><\/strong> de las tendencias que pugnan por el cambio viene diciendo, a grosso modo, que lo hay que hacer en este momento es abrir una puerta para la concertaci\u00f3n con el r\u00e9gimen que representa el presidente Iv\u00e1n Duque, hacer un alto y bajarle al estallido social, reorganizarse y definir la t\u00e1ctica a seguir.<\/p>\n\n\n\n<p>Hablan incluso de \u00absalvar a Duque del uribismo\u00bb, con el argumento de impedir el golpe de Estado que tiene preparado la extrema derecha uribista o la declaratoria del Estado de Conmoci\u00f3n Interior, el viejo Estado de Sitio, para poder continuar con la campa\u00f1a electoral, combinada, claro est\u00e1, con movilizaci\u00f3n pero solo la necesaria como medida de presi\u00f3n, de tal manera que no se ponga en riesgo la v\u00eda electoral para ganar la presidencia y la mayor\u00eda del Congreso.<\/p>\n\n\n\n<p>Esta posici\u00f3n est\u00e1 convencida de que deben hacerse elecciones, por lo tanto, hay que evitar que implosione el r\u00e9gimen, impedir que caiga y de paso conjurar el golpe de Estado y elecciones adelantadas.<\/p>\n\n\n\n<p>Sin duda, quienes defienden esta l\u00ednea saben qui\u00e9n ha roto el hilo constitucional y perdido la poca legitimidad que le queda. El argumento de peso es que Ivan Duque como jefe de Estado ha ordenado usar las armas de la naci\u00f3n contra sus propios ciudadanos, lo que ha causado un ba\u00f1o de sangre, se ha violado y reprimido brutalmente a miles de ciudadanos, y esto rompi\u00f3 el Contrato social, viol\u00f3 el primer mandato constitucional, el derecho a la vida que es un derecho fundamental imprescriptible.<\/p>\n\n\n\n<p>As\u00ed, la v\u00eda electoral ser\u00eda la salida a la grave crisis de hondo calado que atraviesa el Estado Social de Derecho, poniendo fin al Uribato, a partir de un nuevo gobierno verdaderamente democr\u00e1tico, para la vida digna, la paz con justicia social, estable y duradera, los derechos y las libertades de todos; y no solo el privilegio para una minor\u00eda como ha ocurrido hasta ahora; un nuevo gobierno que haga reformas (tributaria, ESMAD, educaci\u00f3n, salud, seguridad social, pensiones) a favor de las clases m\u00e1s pobres, que se incrementaron con la pandemia del Coronavuirus a unos 30 millones de una poblaci\u00f3n de 50, seg\u00fan el mismo DANE y la Cepal.<\/p>\n\n\n\n<p>El nuevo gobierno que se elegir\u00eda en el 2022 a partir del Pacto Hist\u00f3rico &#8211; que como muchos han dicho es m\u00e1s un acuerdo electoral, aunque el constituyente primario lo est\u00e1 firmando en las manifestaciones p\u00fablicas desde el 28 de abril &#8211; y la opini\u00f3n de millones de colombianos en favor de un cambio, se encargar\u00eda de terminar la tarea.<\/p>\n\n\n\n<p>El problema, <strong><em>segunda tendencia<\/em><\/strong>, es que no toda la juventud que est\u00e1 manifest\u00e1ndose copia la propuesta de la salida electoral, porque quieren, as\u00ed no haya sido la meta inicial del Paro, ir hasta el final y hundir el gobierno del presidente t\u00edtere Iv\u00e1n Duque. &nbsp;<\/p>\n\n\n\n<p>Son muchas las voces que han expresado en las calles, marchas, plantones, velatones, consignas y redes sociales, que de lo que se trata es de tumbar al r\u00e9gimen, empujar fuerte hasta que caiga con todo su gabinete, no ministro tras ministro; revocarlo en las calles ejerciendo el poder soberano como constituyente primario y convocar elecciones inmediatamente; otros, dentro de esta tendencia, plantean un gobierno de transici\u00f3n o de consenso nacional, que luego se emplear\u00eda en hacer las reformas m\u00e1s inmediatas, enfatizando en que la tributaria la deben pagar los m\u00e1s ricos.<\/p>\n\n\n\n<p>El asunto es complejo, no hay una cabeza, voz l\u00edder, organizaci\u00f3n, partido o movimiento social a nivel nacional que unifique y canalice el Estallido Social, porque este es resultado no de la preparaci\u00f3n y organizaci\u00f3n bajo el esquema y el viejo estilo del partido y el sindicato, adem\u00e1s tiene mucha ira acumulada, ha perdido el miedo y cuenta con una gran dosis de espontaneidad, lo cual tiene de positivo como de negativo.<\/p>\n\n\n\n<p>Es un movimiento de protesta y movilizaci\u00f3n popular de nivel nacional, que a pesar de la brutal represi\u00f3n y los intentos de algunas fuerzas (Coalici\u00f3n de la Esperanza, Robledo, Fajardo, Partido Verde, Dignidad, Moir, CGT, UGT) por desmovilizarlo, ha crecido y se ha expandido con el paso de los d\u00edas, proporcional a como ha aumentado el antiurbismo en la consciencia de la gente.<\/p>\n\n\n\n<p>Ante la posibilidad de una concertaci\u00f3n con el r\u00e9gimen, la pregunta de fondo es, \u00bfqu\u00e9 agenda debe presentarse en una mesa de di\u00e1logo con Duque, que interprete y recoja el acumulado reclamo de justicia, que sea amplia, plural y represente tanto a la base de los movimientos y colectivos, como a los viejos sindicatos, partidos y al mismo CNP (Comit\u00e9 Nacional de Paro)?<\/p>\n\n\n\n<p>Algunos han dicho, que debe empezar porque el r\u00e9gimen pare de asesinar y detenga la m\u00e1quina de la muerte (ESMAD, polic\u00eda nacional, ej\u00e9rcito), resuelva el grave problema de DD.HH, entregue los desaparecidos y capturados, libere los judicializados, de un informe sobre los heridos. No estar\u00eda mal para un buen comienzo, pero tambi\u00e9n para concederle al pueblo lo que ha ganado, que no es poco.<\/p>\n\n\n\n<p>Tal vez as\u00ed, la digna rabia que se transform\u00f3 en Estallido Social en Colombia, pueda mirar hacia el horizonte, hacer un alto en el largo y dif\u00edcil camino transitado, y pasar de la acci\u00f3n directa destituyente a la acci\u00f3n consciente constituyente, de una nueva sociedad, un nuevo pa\u00eds, fundado sobre pilares humanos y pol\u00edticos firmes que garanticen democracia, libertad, seguridad social y transparencia real.<\/p>\n\n\n\n<p>Esos son los principios y las condiciones m\u00ednimas para restablecer la vida digna de todos y todas, y que nunca m\u00e1s vuelva a ser el privilegio de una minor\u00eda que por d\u00e9cadas reprimi\u00f3 y violent\u00f3 a sus ciudadanos.<\/p>\n\n\n\n<p>Estocolmo, 17 de mayo 2021. A\u00f1o del aplazado cambio en Colombia<\/p>\n","protected":false},"excerpt":{"rendered":"<p>Por Oto Higuita \/ Fotos: Jennifer Rueda \u00bfHacia d\u00f3nde va lo que empez\u00f3 como un Paro Nacional y se convirti\u00f3 en un Estallido Social, en Colombia? &nbsp; Alguien hizo esta pregunta en las redes sociales, la misma que se est\u00e1n haciendo muchos, dos semanas despu\u00e9s de haberse iniciado el Paro Nacional el pasado 28 de [&hellip;]<\/p>\n","protected":false},"author":5,"featured_media":24254,"comment_status":"closed","ping_status":"closed","sticky":true,"template":"","format":"standard","meta":{"_et_pb_use_builder":"","_et_pb_old_content":"","_et_gb_content_width":"","footnotes":""},"categories":[32,638,637,633,648],"tags":[],"class_list":["post-24336","post","type-post","status-publish","format-standard","has-post-thumbnail","hentry","category-columnistas","category-conflictos","category-democracia","category-opinion","category-protesta-y-movilizacion-social"],"_links":{"self":[{"href":"https:\/\/arcoiris.com.co\/v3\/wp-json\/wp\/v2\/posts\/24336","targetHints":{"allow":["GET"]}}],"collection":[{"href":"https:\/\/arcoiris.com.co\/v3\/wp-json\/wp\/v2\/posts"}],"about":[{"href":"https:\/\/arcoiris.com.co\/v3\/wp-json\/wp\/v2\/types\/post"}],"author":[{"embeddable":true,"href":"https:\/\/arcoiris.com.co\/v3\/wp-json\/wp\/v2\/users\/5"}],"replies":[{"embeddable":true,"href":"https:\/\/arcoiris.com.co\/v3\/wp-json\/wp\/v2\/comments?post=24336"}],"version-history":[{"count":0,"href":"https:\/\/arcoiris.com.co\/v3\/wp-json\/wp\/v2\/posts\/24336\/revisions"}],"wp:featuredmedia":[{"embeddable":true,"href":"https:\/\/arcoiris.com.co\/v3\/wp-json\/wp\/v2\/media\/24254"}],"wp:attachment":[{"href":"https:\/\/arcoiris.com.co\/v3\/wp-json\/wp\/v2\/media?parent=24336"}],"wp:term":[{"taxonomy":"category","embeddable":true,"href":"https:\/\/arcoiris.com.co\/v3\/wp-json\/wp\/v2\/categories?post=24336"},{"taxonomy":"post_tag","embeddable":true,"href":"https:\/\/arcoiris.com.co\/v3\/wp-json\/wp\/v2\/tags?post=24336"}],"curies":[{"name":"wp","href":"https:\/\/api.w.org\/{rel}","templated":true}]}}