{"id":24416,"date":"2021-06-18T22:43:00","date_gmt":"2021-06-19T03:43:00","guid":{"rendered":"https:\/\/arcoiris.com.co\/v3\/?p=24416"},"modified":"2021-06-20T14:05:14","modified_gmt":"2021-06-20T19:05:14","slug":"colombia-camino-a-la-primavera-de-la-democracia","status":"publish","type":"post","link":"https:\/\/arcoiris.com.co\/v3\/2021\/06\/colombia-camino-a-la-primavera-de-la-democracia\/","title":{"rendered":"Colombia camino a la Primavera de la Democracia."},"content":{"rendered":"\n<p>Por: Observatorio del Conflicto de la CNAI.<\/p>\n\n\n\n<ol class=\"wp-block-list\" type=\"1\"><li><strong>Estallido social en Colombia: din\u00e1micas del paro nacional.<\/strong><\/li><\/ol>\n\n\n\n<p>Desde el 28 de abril de 2021 se inici\u00f3 el paro nacional en Colombia, el cual ha derivado en un extenso tejido y proceso de acciones que han tomado la forma de un estallido social.<\/p>\n\n\n\n<p>Seg\u00fan la Comisi\u00f3n Interamericana de Derechos Humanos (CIDH) y haciendo uso de fuentes del gobierno colombiano, durante m\u00e1s de un mes de insubordinaci\u00f3n social se han llevado a cabo al menos 9.623 protestas en 794 municipios del territorio colombiano, con la participaci\u00f3n aproximada de 1.493.791 personas. Del mismo modo, comunic\u00f3 que, del total de protestas, 7.801 no han presentado incidentes. La Comisi\u00f3n resalta que en al menos 1.038 manifestaciones se habr\u00edan presentado casos de fallecimientos, desapariciones, personas heridas y agresiones sexuales como consecuencia del uso desproporcionado e ileg\u00edtimo de la fuerza por parte de los \u00f3rganos policiales del Estado Colombiano. Estos hechos se han registrado especialmente en ciudades como Bogot\u00e1, Cali, Pereira, Popay\u00e1n y Yumbo, y han tenido afectaciones particulares en los pueblos ind\u00edgenas, las mujeres y las personas afrodescendientes.<\/p>\n\n\n\n<div class=\"wp-block-image\"><figure class=\"aligncenter size-large\"><img loading=\"lazy\" decoding=\"async\" width=\"427\" height=\"640\" src=\"https:\/\/arcoiris.com.co\/v3\/wp-content\/uploads\/2021\/06\/WhatsApp-Image-2021-05-29-at-10.46.42-427x640.jpeg\" alt=\"\" class=\"wp-image-24418\" srcset=\"https:\/\/arcoiris.com.co\/v3\/wp-content\/uploads\/2021\/06\/WhatsApp-Image-2021-05-29-at-10.46.42-427x640.jpeg 427w, https:\/\/arcoiris.com.co\/v3\/wp-content\/uploads\/2021\/06\/WhatsApp-Image-2021-05-29-at-10.46.42-200x300.jpeg 200w, https:\/\/arcoiris.com.co\/v3\/wp-content\/uploads\/2021\/06\/WhatsApp-Image-2021-05-29-at-10.46.42-768x1152.jpeg 768w, https:\/\/arcoiris.com.co\/v3\/wp-content\/uploads\/2021\/06\/WhatsApp-Image-2021-05-29-at-10.46.42-scaled.jpeg 566w\" sizes=\"(max-width: 427px) 100vw, 427px\" \/><\/figure><\/div>\n\n\n\n<p>Existen al menos tres aspectos que vale la pena destacar sobre esta movilizaci\u00f3n, que en algunas partes tom\u00f3 el car\u00e1cter de peque\u00f1as insurrecciones urbanas:<\/p>\n\n\n\n<p>Uno. La inconsistencia del gobierno frente a los datos del volumen y extensi\u00f3n de la movilizaci\u00f3n. Mientras el ministro de defensa en el debate de moci\u00f3n de censura citado en el congreso afirm\u00f3 la existencia de m\u00e1s de diez mil manifestaciones, el ministro del interior solo reconoci\u00f3 ocho mil seiscientas. Ambos obran de manera instrumental, el primero tratando de maximizar la amenaza que seg\u00fan \u00e9l significaba el paro, el segundo minimiz\u00e1ndola con el inter\u00e9s de apocar el desborde de la insubordinaci\u00f3n popular.<\/p>\n\n\n\n<p>Dos. Los bloqueos se han presentado no solo en la red vial primaria y secundaria, sino adem\u00e1s en varios centros urbanos.<\/p>\n\n\n\n<p>Tres. El combate callejero, sin ser nuevo, se ha consolidado y radicalizado. Como expresi\u00f3n de esto podemos observar las manifestaciones organizadas por los j\u00f3venes de la \u201cPrimera L\u00ednea\u201d en los centros urbanos, los cuales chocan de manera directa e intensa contra los escuadrones antidisturbios, las madres de primera l\u00ednea que se despliegan en todo el frente de la confrontaci\u00f3n desarrollando anillos de protecci\u00f3n a los j\u00f3venes; igualmente hemos asistido a la confrontaci\u00f3n directa y aguerrida de los sectores rurales, barriales, juveniles y culturales, acompa\u00f1ados por las primeras l\u00edneas de madres, maestros, iglesia, artistas, pensionados, abogados, Atenci\u00f3n Primaria Hospitalaria, periodistas y defensores de derechos humanos.<\/p>\n\n\n\n<div class=\"wp-block-image\"><figure class=\"aligncenter size-large\"><img loading=\"lazy\" decoding=\"async\" width=\"640\" height=\"427\" src=\"https:\/\/arcoiris.com.co\/v3\/wp-content\/uploads\/2021\/05\/WhatsApp-Image-2021-05-22-at-10.30.37-640x427.jpeg\" alt=\"\" class=\"wp-image-24355\" srcset=\"https:\/\/arcoiris.com.co\/v3\/wp-content\/uploads\/2021\/05\/WhatsApp-Image-2021-05-22-at-10.30.37-640x427.jpeg 640w, https:\/\/arcoiris.com.co\/v3\/wp-content\/uploads\/2021\/05\/WhatsApp-Image-2021-05-22-at-10.30.37-300x200.jpeg 300w, https:\/\/arcoiris.com.co\/v3\/wp-content\/uploads\/2021\/05\/WhatsApp-Image-2021-05-22-at-10.30.37-768x512.jpeg 768w, https:\/\/arcoiris.com.co\/v3\/wp-content\/uploads\/2021\/05\/WhatsApp-Image-2021-05-22-at-10.30.37-scaled.jpeg 1250w\" sizes=\"(max-width: 640px) 100vw, 640px\" \/><\/figure><\/div>\n\n\n\n<p>La intenci\u00f3n del ministro del interior al minimizar las cifras de la protesta, puede estar dirigida a contrastar y ocultar por parte del gobierno el alto volumen de movilizaci\u00f3n en zonas donde en las elecciones del 2018 el uribismo fue hegem\u00f3nico, con la tendencia previsible de deslegitimaci\u00f3n en estos puestos electorales de cara a las elecciones presidenciales del 2022.<\/p>\n\n\n\n<blockquote class=\"wp-block-quote is-layout-flow wp-block-quote-is-layout-flow\"><p><strong>Es evidente la preocupaci\u00f3n del uribismo por la p\u00e9rdida de votantes. En municipios de su dominio electoral como Floridablanca, Santander, ahora han tenido que militarizar por los fuertes bloqueos de v\u00edas por parte de la poblaci\u00f3n, lo mismo ocurre con Pereira, capital de Risaralda, Funza, Madrid, Facatativ\u00e1 y Mosquera en Cundinamarca.&nbsp;<\/strong><\/p><\/blockquote>\n\n\n\n<div class=\"wp-block-image\"><figure class=\"aligncenter size-large\"><img loading=\"lazy\" decoding=\"async\" width=\"640\" height=\"427\" src=\"https:\/\/arcoiris.com.co\/v3\/wp-content\/uploads\/2021\/06\/WhatsApp-Image-2021-05-29-at-10.48.12-640x427.jpeg\" alt=\"\" class=\"wp-image-24419\" srcset=\"https:\/\/arcoiris.com.co\/v3\/wp-content\/uploads\/2021\/06\/WhatsApp-Image-2021-05-29-at-10.48.12-640x427.jpeg 640w, https:\/\/arcoiris.com.co\/v3\/wp-content\/uploads\/2021\/06\/WhatsApp-Image-2021-05-29-at-10.48.12-300x200.jpeg 300w, https:\/\/arcoiris.com.co\/v3\/wp-content\/uploads\/2021\/06\/WhatsApp-Image-2021-05-29-at-10.48.12-768x512.jpeg 768w, https:\/\/arcoiris.com.co\/v3\/wp-content\/uploads\/2021\/06\/WhatsApp-Image-2021-05-29-at-10.48.12-scaled.jpeg 1250w\" sizes=\"(max-width: 640px) 100vw, 640px\" \/><\/figure><\/div>\n\n\n\n<p>De otra parte, adem\u00e1s de la tradicional influencia de la izquierda, tanto legal como ilegal, se destac\u00f3 en este ciclo de protestas la aparici\u00f3n de otros actores con nuevas formas de organizaci\u00f3n y manifestaci\u00f3n. Para nadie es un secreto que la direcci\u00f3n formal del paro aglutinada en el Comit\u00e9 Nacional De Paro no fue la real<em>, <\/em>no reflej\u00f3 lo que estaba ocurriendo en los territorios, donde se desarrollaron negociaciones con los gobiernos locales y departamentales, ejemplos m\u00e1ximos de esto fue lo ocurrido en las ciudades de Cali y Bogot\u00e1.<\/p>\n\n\n\n<p>El movimiento social ha logrado avanzar en el escalonamiento sostenido de la protesta hasta lograr un claro desgaste pol\u00edtico del gobierno de Iv\u00e1n Duque y una considerable afectaci\u00f3n econ\u00f3mica, por ejemplo el represamiento de seiscientos mil (600.000) contenedores en el puerto de Buenaventura. De acuerdo con c\u00e1lculos aproximados de la terminal de carga de esa ciudad, no han podido llegar a su destino &nbsp;\u201c188.300 toneladas de granel s\u00f3lido, 99.000 toneladas de carga general, y 169.200 toneladas de carga en contenedores, para un total de 456.500 toneladas de carga\u201d<a href=\"#_ftn1\">[1]<\/a>.<\/p>\n\n\n\n<p>Ahora bien, este desborde del malestar social expresado en el actual paro nacional, tiene como una de sus causas la ca\u00edda del nivel de vida y del consumo tras la reducci\u00f3n de la renta petrolera del pa\u00eds desde el a\u00f1o 2014. La pandemia de la Covid 19 tuvo un impacto en la profundizaci\u00f3n y deterioro de esta situaci\u00f3n, llegando a niveles&nbsp; de pobreza y hambre que agravaron el malestar del cuerpo social y crearon las condiciones para su erupci\u00f3n torrencial. El estallido social viene a poner de presente el agotamiento absoluto en el conjunto del modelo econ\u00f3mico y la forma de gobernar el pa\u00eds; cuando la dif\u00edcil situaci\u00f3n reclamaba un Estado garante de los derechos econ\u00f3micos y sociales, el r\u00e9gimen ha insistido en la ortodoxia econ\u00f3mica neoliberal y la represi\u00f3n de la protesta.<\/p>\n\n\n\n<p>El movimiento de protesta ha asumido el car\u00e1cter de anti-sist\u00e9mico y de oposici\u00f3n, sin embargo, es previsible un pr\u00f3ximo per\u00edodo de meseta de este movimiento, con sucesivos picos y ca\u00eddas. Por su parte las \u00e9lites aferradas a su ortodoxia e intolerancia, contin\u00faan lideradas por el binomio Uribe-Duque y no parecen tener f\u00f3rmulas de alternancia.<\/p>\n\n\n\n<blockquote class=\"wp-block-quote is-layout-flow wp-block-quote-is-layout-flow\"><p><strong>Estamos en un momento ambivalente, y no es f\u00e1cil identificar la direcci\u00f3n en que se mover\u00e1 el p\u00e9ndulo, pero es posible avizorar desde ahora las fracturas entre las \u00e9lites frente a la alternativa a elegir en el momento pol\u00edtico y la superaci\u00f3n de la crisis. Esta situaci\u00f3n dota de gran fragilidad los pactos que se lleguen a negociar con el movimiento de protesta, lo cual nos permite visionar que las tensiones y su expresi\u00f3n de calle podr\u00e1n volverse a presentar en los pr\u00f3ximos meses.<\/strong><\/p><\/blockquote>\n\n\n\n<div class=\"wp-block-image\"><figure class=\"aligncenter size-large\"><img loading=\"lazy\" decoding=\"async\" width=\"640\" height=\"427\" src=\"https:\/\/arcoiris.com.co\/v3\/wp-content\/uploads\/2021\/06\/WhatsApp-Image-2021-05-29-at-10.46.24-640x427.jpeg\" alt=\"\" class=\"wp-image-24420\" srcset=\"https:\/\/arcoiris.com.co\/v3\/wp-content\/uploads\/2021\/06\/WhatsApp-Image-2021-05-29-at-10.46.24-640x427.jpeg 640w, https:\/\/arcoiris.com.co\/v3\/wp-content\/uploads\/2021\/06\/WhatsApp-Image-2021-05-29-at-10.46.24-300x200.jpeg 300w, https:\/\/arcoiris.com.co\/v3\/wp-content\/uploads\/2021\/06\/WhatsApp-Image-2021-05-29-at-10.46.24-768x512.jpeg 768w, https:\/\/arcoiris.com.co\/v3\/wp-content\/uploads\/2021\/06\/WhatsApp-Image-2021-05-29-at-10.46.24-scaled.jpeg 1250w\" sizes=\"(max-width: 640px) 100vw, 640px\" \/><\/figure><\/div>\n\n\n\n<ul class=\"wp-block-list\"><li><strong>Nuevas formas de insumisi\u00f3n impactan la atm\u00f3sfera pol\u00edtica<\/strong><\/li><\/ul>\n\n\n\n<p>Fue observable en este paro nacional un cambio cualitativo en el comportamiento de los manifestantes, sobre todo en lo que puede llamarse <em>defensa de posiciones,<\/em> en t\u00e9rminos del combate de calle, como se aprecia en la organizaci\u00f3n y autogeneraci\u00f3n de las \u201c<em>l\u00edneas<\/em> sucesivas\u201d de defensa, choque, protecci\u00f3n del repliegue y abastecimiento. Se trata de una forma organizativa que nunca antes hab\u00edamos tenido en Colombia e indica un aumento en la capacidad de resistencia del movimiento social, lo cual agrega un ingrediente importante a la capacidad de interpelaci\u00f3n al r\u00e9gimen pol\u00edtico, sin el uso de las centralidades cl\u00e1sicas que han caracterizado a la protesta y el movimiento social, esto sobre todo en Cali, Bogot\u00e1 y Medell\u00edn. Es evidente aqu\u00ed un aprendizaje de las experiencias de Chile y Ecuador.<\/p>\n\n\n\n<p>Es obligado preguntarnos, \u00bfante qu\u00e9 estamos? No es sencillo de explicar ni caracterizar, pero sin duda estamos ante una calidad nueva de resistencia civil, frente a la cual la inteligencia del poder propone teor\u00edas  como la \u201cguerra molecular disipada\u201d, buscando con esta interpretaci\u00f3n neonazi criminalizar la protesta social, al se\u00f1alarla como producto de una racionalidad estrat\u00e9gica de rebeli\u00f3n y ruptura violenta con el r\u00e9gimen pol\u00edtico. Simult\u00e1neamente, las expresiones culturales y de arte popular han enriquecido las protestas con un lenguaje alternativo y cargado de sentido y simbolismo, d\u00e1ndole mucha m\u00e1s vitalidad a las manifestaciones y renovando las tradicionales consignas pol\u00edticas. <\/p>\n\n\n\n<blockquote class=\"wp-block-quote is-layout-flow wp-block-quote-is-layout-flow\"><p><strong> <em>Desde el campo cr\u00edtico no tenemos una categor\u00eda para leer este nuevo fen\u00f3meno, pero es seguro que se trata de un nuevo per\u00edodo de la lucha de clases en Colombia.<\/em><\/strong><\/p><\/blockquote>\n\n\n\n<div class=\"wp-block-image\"><figure class=\"aligncenter size-large\"><img loading=\"lazy\" decoding=\"async\" width=\"427\" height=\"640\" src=\"https:\/\/arcoiris.com.co\/v3\/wp-content\/uploads\/2021\/05\/WhatsApp-Image-2021-05-29-at-11.30.05-427x640.jpeg\" alt=\"\" class=\"wp-image-24364\" srcset=\"https:\/\/arcoiris.com.co\/v3\/wp-content\/uploads\/2021\/05\/WhatsApp-Image-2021-05-29-at-11.30.05-427x640.jpeg 427w, https:\/\/arcoiris.com.co\/v3\/wp-content\/uploads\/2021\/05\/WhatsApp-Image-2021-05-29-at-11.30.05-200x300.jpeg 200w, https:\/\/arcoiris.com.co\/v3\/wp-content\/uploads\/2021\/05\/WhatsApp-Image-2021-05-29-at-11.30.05-768x1152.jpeg 768w, https:\/\/arcoiris.com.co\/v3\/wp-content\/uploads\/2021\/05\/WhatsApp-Image-2021-05-29-at-11.30.05-scaled.jpeg 566w\" sizes=\"(max-width: 427px) 100vw, 427px\" \/><\/figure><\/div>\n\n\n\n<p>Otro elemento importante para interpretar lo que ha ocurrido con el paro es que este est\u00e1 instalado en lo que podr\u00edamos llamar una <em>atm\u00f3sfera pol\u00edtica<\/em>: un conjunto de ideas, pr\u00e1cticas y emociones que, como chispas regadas por todas partes, buscan la legitimaci\u00f3n de las expresiones y los movimientos de choque directo contra el gobierno, indicando una especie de transici\u00f3n hacia un nuevo tiempo pol\u00edtico, esta atm\u00f3sfera y toda la energ\u00eda que ha cargado anuncia el advenimiento de un nuevo gobierno de tipo progresista.&nbsp;<\/p>\n\n\n\n<div class=\"wp-block-image\"><figure class=\"aligncenter size-large\"><img loading=\"lazy\" decoding=\"async\" width=\"640\" height=\"427\" src=\"https:\/\/arcoiris.com.co\/v3\/wp-content\/uploads\/2021\/06\/WhatsApp-Image-2021-06-05-at-08.54.41-1-640x427.jpeg\" alt=\"\" class=\"wp-image-24421\" srcset=\"https:\/\/arcoiris.com.co\/v3\/wp-content\/uploads\/2021\/06\/WhatsApp-Image-2021-06-05-at-08.54.41-1-640x427.jpeg 640w, https:\/\/arcoiris.com.co\/v3\/wp-content\/uploads\/2021\/06\/WhatsApp-Image-2021-06-05-at-08.54.41-1-300x200.jpeg 300w, https:\/\/arcoiris.com.co\/v3\/wp-content\/uploads\/2021\/06\/WhatsApp-Image-2021-06-05-at-08.54.41-1-768x512.jpeg 768w, https:\/\/arcoiris.com.co\/v3\/wp-content\/uploads\/2021\/06\/WhatsApp-Image-2021-06-05-at-08.54.41-1-scaled.jpeg 1250w\" sizes=\"(max-width: 640px) 100vw, 640px\" \/><\/figure><\/div>\n\n\n\n<p>Un primer indicador de lo anterior, es la r\u00e1pida politizaci\u00f3n y creciente din\u00e1mica social de la juventud de corte claramente antiuribista y que le pasa cuenta de cobro en la lucha generacional (recordemos que el uribismo se arraiga mayoritariamente entre los mayores de cincuenta a\u00f1os). La politizaci\u00f3n de la juventud es perceptible en las calles y los espacios cotidianos -que ya hab\u00eda avanzado en los paros, movilizaciones y campa\u00f1as anteriores- en la que el tema de la pol\u00edtica adquiere plena validez y vigencia. Hay una incandescencia que se mantiene en el ambiente y proyecta al movimiento no hacia las acostumbradas victorias tempranas de un pliego firmado, sino hacia la escena pol\u00edtica de las elecciones presidenciales del 2022,que es donde tendr\u00e1 su desenlace.<\/p>\n\n\n\n<blockquote class=\"wp-block-quote is-layout-flow wp-block-quote-is-layout-flow\"><p><strong>En t\u00e9rminos electorales &nbsp;el extendido malestar social debilita al uribismo y deber\u00eda, en contrav\u00eda, fortalecer la opci\u00f3n del progresismo. Pero lo anterior depende de como se maneje la estrategia para ganar la llamada <em>franja flotante,<\/em> la cual en el 2018 al ganar Petro sobre Fajardo demostr\u00f3 que no fue capitalizada por el centro.<\/strong><\/p><\/blockquote>\n\n\n\n<p>No es claro que la salida pol\u00edtica &nbsp;de la crisis sea hacia el cierre autoritario o el fascismo por parte del denominado Bloque de Poder Contrainsurgente; la crisis en la hegemon\u00eda uribista y la masa extensa aunque diversa de factores pol\u00edticos progresistas en escena hacen presumir otra v\u00eda de salida. Desde ya los diversos factores de poder se alinean t\u00e1cticamente y los veremos en su despliegue estrat\u00e9gico hacia el 2022. El momento actual nos permite pues apreciar las siguientes posibles configuraciones:<\/p>\n\n\n\n<ul class=\"wp-block-list\"><li>El uribismo y la ultraderecha ante el desinfle del exalcalde Char y la escasa probabilidad de reencauche de Oscar Iv\u00e1n Zuluaga, configur\u00e1 su estrategia en la b\u00fasqueda de un candidato de tipo corporativo como Federico Guti\u00e9rrez, arquetipo del pol\u00edtico-empresario, o la din\u00e1mica de agrupaci\u00f3n que impulsan los tres exalcaldes \u201cgerentes\u201c: Enrique Pe\u00f1alosa, Alejandro Char y Federico Guti\u00e9rrez. El gobierno de Duque y el Centro Democr\u00e1tico jugar\u00e1n al desgaste del movimiento de protesta y al desprestigio de la dirigencia del paro; los estrategas de la inteligencia del r\u00e9gimen saben que el manejo acertado del sector de indecisos (clases medias y ecl\u00e9cticos) pueden moverlos hacia la derecha uribista con el correr de los meses previos a la campa\u00f1a electoral. Igualmente podr\u00edan articular su propuesta alrededor de Vargas Lleras como exponente de su modelo autoritario y excluyente, el pastranismo lo ha postulado como opci\u00f3n.<\/li><\/ul>\n\n\n\n<ul class=\"wp-block-list\"><li>El liberalismo trabaja en la posible candidatura de Alejandro Gaviria, exministro de salud de Santos y actual rector de la universidad de los Andes. Gaviria es un candidato que puede contagiar emociones y conectar con el sentir pol\u00edtico nacional, se presenta como una fuerte opci\u00f3n de la derecha blanda reformista, para conjurar la amenaza del progresismo de Gustavo Petro, a la par que captura un gran volumen de la franja electoral de Sergio Fajardo quien empieza a ser cuestionado por el empresariado y buena parte de la opini\u00f3n como un l\u00edder d\u00e9bil, confuso, poco h\u00e1bil para participar en los debates p\u00fablicos. Alejandro Gaviria tiene un potencial muy grande para canalizar ese centro indeciso y ofrecer un f\u00f3rmula de inclusi\u00f3n pol\u00edtica y de democracia, aunque su eventual gobierno no har\u00e1 las transformaciones sustanciales que hoy reclama el pa\u00eds desde el paro nacional, en la l\u00f3gica del capitalismo liberal el modelo ya est\u00e1 pactado.<\/li><\/ul>\n\n\n\n<ul class=\"wp-block-list\"><li>Por su parte el sector de centro y reformista podr\u00eda estar mejor representado en Juan Manuel Gal\u00e1n, que, con la inminente recuperaci\u00f3n de la personer\u00eda jur\u00eddica del Nuevo Liberalismo, puede atraer adhesiones de la derecha moderada. Su figuraci\u00f3n y peso pol\u00edtico deber\u00e1 sortear primero la elecci\u00f3n dentro del campo pol\u00edtico llamado Coalici\u00f3n de la Esperanza, dentro de la cual hay otros precandidatos como Sergio Fajardo, Jorge Enrique Robledo y Humberto de la Calle.<\/li><\/ul>\n\n\n\n<ul class=\"wp-block-list\"><li>El Partido Verde se ha retirado por ahora de la Coalici\u00f3n de la Esperanza, parece apostar primero a clarificar su situaci\u00f3n interna en la cual se disputan como precandidatos Camilo Romero, Antonio Sanguino, Sandra Ortiz, Iv\u00e1n Marulanda, Jorge Londo\u00f1o y Carlos Anaya. Este \u00faltimo pareciera el m\u00e1s opcionado por los apoyos internos con que cuenta. El juego pol\u00edtico del partido Verde ser\u00e1 dif\u00edcil y pol\u00e9mico, pues un sector interno cuestiona el apartheid pol\u00edtico que varios sectores del partido y el conjunto de la Coalici\u00f3n de La Esperanza le han impuesto a Gustavo Petro al cerrar de plano cualquier opci\u00f3n de alianza.<\/li><\/ul>\n\n\n\n<ul class=\"wp-block-list\"><li>El campo pol\u00edtico de gravitaci\u00f3n de Gustavo Petro se ha abierto a una coalici\u00f3n denominada Pacto Hist\u00f3rico, en ella hacen vida Colombia Humana, Polo Democr\u00e1tico, Mais, Uni\u00f3n Patri\u00f3tica y diversos movimientos sociales. Expresa el programa de transformaciones que la calle reclama, sin embargo, la dispersi\u00f3n del campo progresista y el temor que genera Petro en la mayor\u00eda sectores del empresariado hace que sus opciones de triunfo puedan verse comprometidas.<\/li><\/ul>\n\n\n\n<p>Lo cierto es que a\u00fan estamos lejos del 2022 y la indignaci\u00f3n social puede desgastarse, el propio Petro muestra nerviosismo en sus \u00faltimos textos cuando recomienda \u201cno excedernos\u201d en la movilizaci\u00f3n y evitar el choque, pues sabe que hay una l\u00ednea muy delgada entre la simpat\u00eda emocional y la decisi\u00f3n pol\u00edtica, que puede cambiar inesperadamente.<\/p>\n\n\n\n<div class=\"wp-block-image\"><figure class=\"aligncenter size-large\"><img loading=\"lazy\" decoding=\"async\" width=\"427\" height=\"640\" src=\"https:\/\/arcoiris.com.co\/v3\/wp-content\/uploads\/2021\/05\/AS2A34323-427x640.jpg\" alt=\"\" class=\"wp-image-24354\" srcset=\"https:\/\/arcoiris.com.co\/v3\/wp-content\/uploads\/2021\/05\/AS2A34323-427x640.jpg 427w, https:\/\/arcoiris.com.co\/v3\/wp-content\/uploads\/2021\/05\/AS2A34323-200x300.jpg 200w, https:\/\/arcoiris.com.co\/v3\/wp-content\/uploads\/2021\/05\/AS2A34323-768x1152.jpg 768w, https:\/\/arcoiris.com.co\/v3\/wp-content\/uploads\/2021\/05\/AS2A34323-1024x1536.jpg 1024w, https:\/\/arcoiris.com.co\/v3\/wp-content\/uploads\/2021\/05\/AS2A34323-scaled.jpg 566w\" sizes=\"(max-width: 427px) 100vw, 427px\" \/><\/figure><\/div>\n\n\n\n<ul class=\"wp-block-list\"><li><strong>Crisis de la seguridad estrat\u00e9gica o estallido social<\/strong><\/li><\/ul>\n\n\n\n<p>El paro nacional 2021 refleja una grave fractura del r\u00e9gimen pol\u00edtico y el desgaste de las \u00e9lites vinculadas al acaparamiento de la tierra, el control del sistema financiero y de la cadena econ\u00f3mica del narcotr\u00e1fico; la pandemia de la Covid19 fue el revulsivo que hizo profundizar la crisis y el descontento popular. <\/p>\n\n\n\n<blockquote class=\"wp-block-quote is-layout-flow wp-block-quote-is-layout-flow\"><p><strong>En t\u00e9rminos de los expertos en seguridad de la Universidad Nueva Granada, \u201c<em>hay una crisis de la inteligencia estrat\u00e9gica\u201d cuyo gran reto ahora es el manejo de las grandes manifestaciones nacionales de protesta -incluyendo el llamado vandalismo- y ya no los problemas de las relaciones con Venezuela, ni el ELN o las disidencias de las Farc\u201d<a href=\"#_ftn2\">[2]<\/a><\/em>.<\/strong><\/p><\/blockquote>\n\n\n\n<p>Seg\u00fan el think tank de la escuela superior de guerra, la amenaza para el Estado se centra en que los partidos de oposici\u00f3n en respuesta a la decisi\u00f3n del gobierno Duque de \u201chacer trizas los acuerdos con las Farc\u201d, se han propuesto \u201chacer trizas la seguridad\u201d, t\u00e1ctica dise\u00f1ada para desestabilizar en el a\u00f1o preelectoral, de cara a conquistar el poder en 2022.<\/p>\n\n\n\n<div class=\"wp-block-image\"><figure class=\"aligncenter size-large\"><img loading=\"lazy\" decoding=\"async\" width=\"640\" height=\"427\" src=\"https:\/\/arcoiris.com.co\/v3\/wp-content\/uploads\/2021\/06\/WhatsApp-Image-2021-05-29-at-10.40.06-640x427.jpeg\" alt=\"\" class=\"wp-image-24422\" srcset=\"https:\/\/arcoiris.com.co\/v3\/wp-content\/uploads\/2021\/06\/WhatsApp-Image-2021-05-29-at-10.40.06-640x427.jpeg 640w, https:\/\/arcoiris.com.co\/v3\/wp-content\/uploads\/2021\/06\/WhatsApp-Image-2021-05-29-at-10.40.06-300x200.jpeg 300w, https:\/\/arcoiris.com.co\/v3\/wp-content\/uploads\/2021\/06\/WhatsApp-Image-2021-05-29-at-10.40.06-768x512.jpeg 768w, https:\/\/arcoiris.com.co\/v3\/wp-content\/uploads\/2021\/06\/WhatsApp-Image-2021-05-29-at-10.40.06-scaled.jpeg 1250w\" sizes=\"(max-width: 640px) 100vw, 640px\" \/><\/figure><\/div>\n\n\n\n<p>En materia de control del orden p\u00fablico, bajo el amparo de la emergencia sanitaria se profundizaron las restricciones a las libertades y se dio el uso indiscriminado del toque de queda durante la pandemia. Este es un claro m\u00e9todo de congelamiento inducido del malestar social, en procura de ampliar al m\u00e1ximo la pausa que se inici\u00f3 en 2020 para intentar llegar hasta el final del per\u00edodo presidencial de Iv\u00e1n Duque sin sobresaltos. Este objetivo se frustr\u00f3 con el estallido del 28 de abril contra el proyecto de reforma tributaria, hito que rompi\u00f3 el dique de la desesperaci\u00f3n contenida.<\/p>\n\n\n\n<ul class=\"wp-block-list\"><li><strong>\u00bfPor qu\u00e9 revienta el descontento con mayor fuerza en el Suroccidente y no en Antioquia o el Caribe?<\/strong><\/li><\/ul>\n\n\n\n<p>En el and\u00e9n pac\u00edfico colombiano se expresa con mayor fuerza la contradicci\u00f3n entre las metas <em>del plan marco de implementaci\u00f3n del acuerdo de paz de la Habana (Conpes 3132)<\/em> y el plan de desarrollo del gobierno Duque llamado &nbsp;<em>\u201cPacto por Colombia, pacto por la equidad\u201d<\/em>, el cual fren\u00f3 los compromisos del Estado colombiano con los puntos m\u00e1s importantes del acuerdo como&nbsp; la \u201cReforma rural integral\u201d (punto 1),&nbsp; \u201cParticipaci\u00f3n pol\u00edtica\u201d (punto 2) y&nbsp;&nbsp; \u201cSoluci\u00f3n al problema de las drogas il\u00edcitas\u201d (punto 4). &nbsp;<\/p>\n\n\n\n<p>Paralelo a lo que muchos expertos llaman perfidia a lo pactado, el fen\u00f3meno de resistencia afro, ind\u00edgena y campesina, con todas sus reivindicaciones, dio un salto cualitativo en las ciudades del suroccidente, especialmente en Cali: el reclamo de las&nbsp; tierras despojadas, la defensa de la cultivos de hoja de coca, la lucha contra la erradicaci\u00f3n forzada y la fumigaci\u00f3n con glifosato, la autonom\u00eda territorial, la defensa del acuerdo de paz, el alegato desde las comunidades ind\u00edgenas contra la historia contada por el criollato blanco y los colonialistas espa\u00f1oles, la ira contra la violencia paramilitar y estatal, se conjugaron para expresar su descontento.<\/p>\n\n\n\n<div class=\"wp-block-image\"><figure class=\"aligncenter size-large\"><img loading=\"lazy\" decoding=\"async\" width=\"640\" height=\"427\" src=\"https:\/\/arcoiris.com.co\/v3\/wp-content\/uploads\/2021\/06\/WhatsApp-Image-2021-04-30-at-13.44.45-640x427.jpeg\" alt=\"\" class=\"wp-image-24423\" srcset=\"https:\/\/arcoiris.com.co\/v3\/wp-content\/uploads\/2021\/06\/WhatsApp-Image-2021-04-30-at-13.44.45-640x427.jpeg 640w, https:\/\/arcoiris.com.co\/v3\/wp-content\/uploads\/2021\/06\/WhatsApp-Image-2021-04-30-at-13.44.45-300x200.jpeg 300w, https:\/\/arcoiris.com.co\/v3\/wp-content\/uploads\/2021\/06\/WhatsApp-Image-2021-04-30-at-13.44.45-768x512.jpeg 768w, https:\/\/arcoiris.com.co\/v3\/wp-content\/uploads\/2021\/06\/WhatsApp-Image-2021-04-30-at-13.44.45-scaled.jpeg 1250w\" sizes=\"(max-width: 640px) 100vw, 640px\" \/><\/figure><\/div>\n\n\n\n<p>A ello se suma que en esta zona del pa\u00eds, desde hace m\u00e1s de una d\u00e9cada, la ciudadan\u00eda ha elegido gobiernos locales alternativos que se han opuesto a la pol\u00edtica de seguridad democr\u00e1tica de los gobiernos de \u00c1lvaro Uribe (2002-2010) y consecuentemente tambi\u00e9n se han distanciado del modelo de \u201cpaz con legalidad\u201d del actual gobierno, fen\u00f3meno distinto al que se present\u00f3 en la regi\u00f3n paisa-Antioque\u00f1a y en la costa caribe.<\/p>\n\n\n\n<p>Otro factor no menos importante, es esa suerte de sujeto hist\u00f3rico <em>plebeyo de resistencia<\/em> consuetudinaria de las gentes del pacifico a trav\u00e9sdelas Mingas ind\u00edgenas y paros c\u00edvicos locales, que han adoptado con \u00e9xito otros sectores sociales como afros y campesinos, adem\u00e1s de las juventudes en las zonas urbanas, especialmente en la ciudad de Cali; ejemplo de ello fue el in\u00e9dito paro c\u00edvico de Buenaventura en el a\u00f1o 2017, que logr\u00f3 en tres semanas derrotar la mafia patibularia de Juan Carlos Mart\u00ednez, Bartolo &nbsp;y otros parapol\u00edticos, para dos a\u00f1os despu\u00e9s llevar a la alcald\u00eda un candidato propio, el l\u00edder c\u00edvico &nbsp;V\u00edctor Hugo Leal.<\/p>\n\n\n\n<p>Por su parte Cali es la capital del suroccidente del pa\u00eds, una macro regi\u00f3n donde viven casi 8 millones de personas, de acuerdo con el \u00faltimo censo del DANE (aproximadamente el 20% de la poblaci\u00f3n total del pa\u00eds). &nbsp;All\u00ed &nbsp;se concentra el m\u00e1s alto porcentaje de poblaci\u00f3n de raza ind\u00edgena y afrodescendiente, de hecho el 60% de la poblaci\u00f3n de Cali es de origen afro, a lo que se agrega la creciente migraci\u00f3n de comunidades ind\u00edgenas desplazadas por la violencia, pertenecientes a los pueblos Nasa, Misak, ember\u00e1, quillacingas, sibundoyes, putumayos, entre otros; am\u00e9n de los miles de desplazados por el conflicto armado que diariamente recalan en la capital del Valle del Cauca.<\/p>\n\n\n\n<blockquote class=\"wp-block-quote is-layout-flow wp-block-quote-is-layout-flow\"><p><strong>En la sultana del Valle se concitan con fuerza importantes n\u00facleos urbanos de lo que se denomina \u00ab<em>insurgencias civiles no armadas\u00bb,<\/em> como la Marcha Patri\u00f3tica, el Congreso de los Pueblos y un fuerte movimiento estudiantil liderado por la Universidad del Valle, cuyo campus est\u00e1 ubicado justamente a la entrada del sector m\u00e1s rico de la ciudad: el barrio Ciudad Jard\u00edn. Esto sin olvidar el estallido de las barriadas populares del oriente de Cali, que suman cerca de un mill\u00f3n de habitantes, y los barrios de la ladera de Silo\u00e9 con sus antecedentes de resistencia desde la \u00e9poca de la violencia y del accionar del M-19 en las d\u00e9cadas de los a\u00f1os setenta y ochenta, todos estos elementos crearon la tormenta perfecta que deton\u00f3 el estallido social el pasado 28 de abril.<\/strong><\/p><\/blockquote>\n\n\n\n<div class=\"wp-block-image\"><figure class=\"aligncenter size-large\"><img loading=\"lazy\" decoding=\"async\" width=\"640\" height=\"331\" src=\"https:\/\/arcoiris.com.co\/v3\/wp-content\/uploads\/2021\/06\/WhatsApp-Image-2021-05-30-at-14.11.59-640x331.jpeg\" alt=\"\" class=\"wp-image-24427\" srcset=\"https:\/\/arcoiris.com.co\/v3\/wp-content\/uploads\/2021\/06\/WhatsApp-Image-2021-05-30-at-14.11.59-640x331.jpeg 640w, https:\/\/arcoiris.com.co\/v3\/wp-content\/uploads\/2021\/06\/WhatsApp-Image-2021-05-30-at-14.11.59-300x155.jpeg 300w, https:\/\/arcoiris.com.co\/v3\/wp-content\/uploads\/2021\/06\/WhatsApp-Image-2021-05-30-at-14.11.59-768x397.jpeg 768w, https:\/\/arcoiris.com.co\/v3\/wp-content\/uploads\/2021\/06\/WhatsApp-Image-2021-05-30-at-14.11.59-scaled.jpeg 1250w\" sizes=\"(max-width: 640px) 100vw, 640px\" \/><\/figure><\/div>\n\n\n\n<p>Cali pas\u00f3 as\u00ed de ser la potencial capital del posconflicto, de acuerdo a los pron\u00f3sticos que hac\u00edan en el a\u00f1o 2016 los m\u00e1s serios estudiosos del acuerdo de paz, a convertirse en la capital del conflicto social en el a\u00f1o 2021, como consecuencia del incumplimiento del acuerdo de paz con las Farc y la agudizaci\u00f3n de la crisis econ\u00f3mica en los campos y ciudades de Colombia.<\/p>\n\n\n\n<p>En Cali confluyen formas de pensar y de vivir casi antag\u00f3nicas entre s\u00ed, las cuales tienen un fuerte arraigo colonial:<\/p>\n\n\n\n<p>&nbsp;Hay una clase alta de empresarios, hacendados de la ca\u00f1a y los grandes monocultivos, muchos de ellos viven como \u00e9lites parasitas fruto del alquiler de sus tierras durante a\u00f1os a los grandes ingenios azucareros; tambi\u00e9n nuevos ricos que han acumulado fortunas gracias a la robusta cadena econ\u00f3mica del narcotr\u00e1fico; grandes y medianos comerciantes e importadores de productos que ingresan por el puerto de Buenaventura; industriales y en general inversores de toda laya que especulan con el alto valor del metro cuadrado de tierra en el sur del Valle del Cauca y que a trav\u00e9s de sus tent\u00e1culos en la pol\u00edtica y el negocio inmobiliario \u201cvoltean\u201d predios rurales de esa zona de Cali y en especial del municipio de Jamund\u00ed, para continuar con el boom de la construcci\u00f3n de estratos altos en esta \u00e1rea. <\/p>\n\n\n\n<p>Esas comunidades de \u201cnuevos ricos\u201d viven al sur de Cali y han convertido este distrito de la ciudad en un peque\u00f1o \u201cMiami\u201d, su sue\u00f1o id\u00edlico de ciudad en la que quisieran vivir todo el a\u00f1o, en su gran mayor\u00eda van una o dos veces a la capital del estado de Florida&nbsp; e intentan replicar la atmosfera urbana de la ciudad norteamericana en el&nbsp; sur de la sultana del Valle: grandes centros comerciales, mall de comidas, lujosas urbanizaciones, gimnasios cada 100 metros, patinetas y motos el\u00e9ctricas, veh\u00edculos de alta gama, cl\u00ednicas de est\u00e9tica y spas de lujo, todo un protocolo de formas de saludar y de comportarse,&nbsp; de acuerdo a lo que marca la moda en el pa\u00eds del norte. Una especie de \u201cneoclase\u201d de privilegiados que se auto segrega del resto de la ciudad, en especial del oriente pobre, negro e ind\u00edgena en el que viven m\u00e1s de un mill\u00f3n de cale\u00f1os en la miseria o la pobreza extrema, &nbsp;y solo&nbsp; se acuerdan de la pobrer\u00eda para contratarlos por salarios de hambre como sirvientes, choferes, aseadores, cocineros, vigilantes y meseros de los sitios de lujo a los que suele ir diariamente esta elite cale\u00f1a.<\/p>\n\n\n\n<p>Es por esto que la presencia de civiles armados o &nbsp;paramilitares urbanos no es una casualidad o el &nbsp;fruto de una acci\u00f3n espontanea de autodefensa, este proyecto violento se plane\u00f3 desde el paro del 21N del a\u00f1o 2019, a partir de ese momento la mafia junto al empresariado funcional al narcotr\u00e1fico, arropados en el eufemismo de \u201cgente de bien\u201d, concibi\u00f3 el plan de enfrentar la protesta social a trav\u00e9s de un proyecto de paramilitarizaci\u00f3n armada en alianza con la polic\u00eda y el ej\u00e9rcito, como se vio en los ataques a manifestantes durante el paro nacional en la ciudad de Cali. <\/p>\n\n\n\n<div class=\"wp-block-image\"><figure class=\"aligncenter size-large\"><img loading=\"lazy\" decoding=\"async\" width=\"640\" height=\"389\" src=\"https:\/\/arcoiris.com.co\/v3\/wp-content\/uploads\/2021\/06\/WhatsApp-Image-2021-04-30-at-08.40.07-640x389.jpeg\" alt=\"\" class=\"wp-image-24424\" srcset=\"https:\/\/arcoiris.com.co\/v3\/wp-content\/uploads\/2021\/06\/WhatsApp-Image-2021-04-30-at-08.40.07-640x389.jpeg 640w, https:\/\/arcoiris.com.co\/v3\/wp-content\/uploads\/2021\/06\/WhatsApp-Image-2021-04-30-at-08.40.07-300x182.jpeg 300w, https:\/\/arcoiris.com.co\/v3\/wp-content\/uploads\/2021\/06\/WhatsApp-Image-2021-04-30-at-08.40.07-768x467.jpeg 768w, https:\/\/arcoiris.com.co\/v3\/wp-content\/uploads\/2021\/06\/WhatsApp-Image-2021-04-30-at-08.40.07-scaled.jpeg 1250w\" sizes=\"(max-width: 640px) 100vw, 640px\" \/><\/figure><\/div>\n\n\n\n<p>En las conversaciones de los voceros de esta elite mafiosa en redes sociales, persiste el \u00e1nimo de revancha por la derrota sufrida por el paramilitarismo de segunda generaci\u00f3n en su plan de conquista del alto del Naya, cuando las tropas del bloque Calima perdieron la guerra con las Farc y el ELN en el a\u00f1o 2004, hecho que le atribuyen al supuesto&nbsp;apoyo que &nbsp;las comunidades campesinas e ind\u00edgenas del norte del Cauca le brindaron a la insurgencia, lo que cambi\u00f3 la tendencia del conflicto en estas zonas y contuvo la expansi\u00f3n paramilitar desde el a\u00f1o 2005. Ese es el Ethos mafioso y paramilitar que alimenta la ideolog\u00eda de extrema derecha de las \u00e9lites vallunas.<\/p>\n\n\n\n<ul class=\"wp-block-list\"><li><strong>Consideraciones finales: el paro nacional cambi\u00f3 la imagen de Colombia en el exterior.<\/strong><\/li><\/ul>\n\n\n\n<p>Se advierte un cambio de mirada de la comunidad internacional sobre Colombia. Este paro puso de relieve la verdadera realidad nacional, que es la desigualdad social, un problema nada f\u00e1cil de resolver. No se trata del mero incumplimiento de unos acuerdos de paz.&nbsp; Para el gobierno nacional las causas del estallido social est\u00e1n en la intervenci\u00f3n de gobiernos extranjeros como Venezuela, Rusia, el estallido social Chileno o el Foro de Sao Paulo; para justificarlo se trastocan teor\u00edas como la de la revoluci\u00f3n molecular disipada, interpretando el estallido social como un levantamiento planificado y auspiciado por la izquierda internacional; pero lo que no hay que desconocer es que el paro nacional est\u00e1 en sinton\u00eda con el contexto mundial de movilizaciones como la de los Chalecos Amarillos en Francia, las movilizaciones de los Indignados en Espa\u00f1a, o las protestas de los ind\u00edgenas en el Ecuador y la juventud en Chile.<\/p>\n\n\n\n<p>Otro aspecto importante a tener en cuenta en t\u00e9rminos de la reacci\u00f3n al paro es la existencia de suprapoderes transnacionales que est\u00e1n por encima de los Estados, como es el caso del narcotr\u00e1fico, un recurso subterr\u00e1neo muy fuerte que vino a cambiar la d\u00e9bil econom\u00eda colombiana del monocultivo del caf\u00e9 y de los hidrocarburos, pero sobre todo a imponer un nefasto modelo de alianza paramilitar entre las mafias y los gobiernos.&nbsp;<\/p>\n\n\n\n<blockquote class=\"wp-block-quote is-layout-flow wp-block-quote-is-layout-flow\"><p><strong>La mafia narco paramilitar ha tenido un gran desaf\u00edo y bloqueo al flujo de su negocio por el paro de Buenaventura y el paro nacional que ha generado una crisis de desabastecimiento de coca\u00edna en los Estados Unidos y Europa.&nbsp; Es verdad que existen rutas r\u00e1pidas de salida de la coca\u00edna en lanchas y submarinos, pero el grueso de las exportaciones se hace a trav\u00e9s de los grandes puertos mar\u00edtimos, particularmente Buenaventura.&nbsp; Por eso es muy probable que la mafia, en especial los grandes grupos que manejan el transporte de la droga, se unan al establecimiento, en el odio al paro y la lucha contra los bloqueos aplicando el modelo paramilitar de represi\u00f3n.<\/strong><\/p><\/blockquote>\n\n\n\n<div class=\"wp-block-image\"><figure class=\"aligncenter size-large\"><img loading=\"lazy\" decoding=\"async\" width=\"640\" height=\"427\" src=\"https:\/\/arcoiris.com.co\/v3\/wp-content\/uploads\/2021\/06\/WhatsApp-Image-2021-06-18-at-22.38.30-640x427.jpeg\" alt=\"\" class=\"wp-image-24425\" srcset=\"https:\/\/arcoiris.com.co\/v3\/wp-content\/uploads\/2021\/06\/WhatsApp-Image-2021-06-18-at-22.38.30-640x427.jpeg 640w, https:\/\/arcoiris.com.co\/v3\/wp-content\/uploads\/2021\/06\/WhatsApp-Image-2021-06-18-at-22.38.30-300x200.jpeg 300w, https:\/\/arcoiris.com.co\/v3\/wp-content\/uploads\/2021\/06\/WhatsApp-Image-2021-06-18-at-22.38.30-768x512.jpeg 768w, https:\/\/arcoiris.com.co\/v3\/wp-content\/uploads\/2021\/06\/WhatsApp-Image-2021-06-18-at-22.38.30-scaled.jpeg 1250w\" sizes=\"(max-width: 640px) 100vw, 640px\" \/><\/figure><\/div>\n\n\n\n<p>El paro viene a sumarse a los hitos de interpelaci\u00f3n social a las \u00e9lites gobernantes. En la historia de Colombia se han registrado hechos de lucha social importantes como la de los trabajadores bananeros, que provoc\u00f3 la masacre que testimonia el r\u00e9gimen de violencia, el bogotazo generado despu\u00e9s del asesinato del caudillo liberal Jorge Eli\u00e9cer Gait\u00e1n, o el grandioso paro c\u00edvico nacional de 1977; pasaron varios a\u00f1os para que el movimiento social resurgiera como ha ocurrido en los \u00faltimos a\u00f1os, despu\u00e9s de la hecatombe del gobierno de \u00c1lvaro Uribe V\u00e9lez, quien con su r\u00e9gimen de terror cercen\u00f3 al movimiento social con el \u00fanico argumento de que todo lo que ocurr\u00eda en el pa\u00eds era culpa de la guerrilla, y con ese argumento se asesin\u00f3 impunemente al menos a 6.402 ciudadanos, tal como lo reconoce la JEP.<\/p>\n\n\n\n<p>Pero no hay mal que dure cien a\u00f1os y, desde el movimiento estudiantil con el surgimiento de la Mane comenz\u00f3 una nueva \u00e9poca de la lucha social, que tuvo su primer escal\u00f3n con el paro nacional del 21N de 2019, que despert\u00f3 la presencia de la gente en las calles, mostrando as\u00ed que los j\u00f3venes ten\u00edan la responsabilidad de rescatar el sue\u00f1o de un nuevo pa\u00eds.&nbsp;<\/p>\n\n\n\n<p>Digamos para finalizar que la gran amenaza de este vigoroso proceso de movilizaci\u00f3n, de este estallido social, es el desgaste, sobre todo del movimiento estudiantil que es el que ha puesto las v\u00edctimas mortales y los heridos al ocupar la Primera L\u00ednea del combate callejero.&nbsp;<\/p>\n\n\n\n<p>Resaltemos tambi\u00e9n como el Comit\u00e9 Nacional del Paro, a pesar de sus limitaciones en la representatividad, fue el primero que inici\u00f3 y logr\u00f3 gradualmente vincular a otros sectores, pero fue m\u00e1s bien t\u00edmido en reclamar los importantes resultados obtenidos al tumbar la reforma tributaria y la de la salud, as\u00ed como la ca\u00edda del consejero de paz de Duque, el ministro de hacienda y la canciller.<\/p>\n\n\n\n<p>En el anterior contexto, nos quedan preguntas relacionadas con los retos que tenemos las organizaciones sociales, en t\u00e9rminos del papel que debemos jugar en la lucha por la profundizaci\u00f3n de la democracia directa que vienen reclamando y construyendo las primeras l\u00edneas en el marco del estallido social. De igual forma, nos queda preguntarnos c\u00f3mo podemos potenciar las diferentes expresiones articuladas a la solidaridad, la cooperaci\u00f3n, la ayuda mutua y las redes de confianza que han emergido en el marco de la emergencia sanitaria por la pandemia y el estallido social.<\/p>\n\n\n\n<hr class=\"wp-block-separator\"\/>\n\n\n\n<p><a href=\"#_ftnref1\">[1]<\/a> Las p\u00e9rdidas que el paro esta dejando en Buenaventura son millonarias: en materia de exportaci\u00f3n, seg\u00fan la Sprbun, han dejado de salir por este terminal, aproximadamente&nbsp;16.900 toneladas de caf\u00e9, 20.400 toneladas de az\u00facar, 1.880 toneladas de granel s\u00f3lido, 2.250 toneladas de carga general y 48.460 toneladas de carga en contenedores. Diario Portafolio, mayo 22\/2021<\/p>\n\n\n\n<p><a href=\"#_ftnref2\">[2]<\/a> La inteligencia estrat\u00e9gica en \u00e9poca de crisis, Juan Carlos Buitrago Arias, Portal las2orillas.com, 20-02-2021.<\/p>\n","protected":false},"excerpt":{"rendered":"<p>Por: Observatorio del Conflicto de la CNAI. Estallido social en Colombia: din\u00e1micas del paro nacional. Desde el 28 de abril de 2021 se inici\u00f3 el paro nacional en Colombia, el cual ha derivado en un extenso tejido y proceso de acciones que han tomado la forma de un estallido social. Seg\u00fan la Comisi\u00f3n Interamericana de [&hellip;]<\/p>\n","protected":false},"author":5,"featured_media":24426,"comment_status":"closed","ping_status":"closed","sticky":true,"template":"","format":"standard","meta":{"_et_pb_use_builder":"","_et_pb_old_content":"","_et_gb_content_width":"","footnotes":""},"categories":[638,31,632,3,648],"tags":[],"class_list":["post-24416","post","type-post","status-publish","format-standard","has-post-thumbnail","hentry","category-conflictos","category-documentos","category-editorial","category-pais","category-protesta-y-movilizacion-social"],"_links":{"self":[{"href":"https:\/\/arcoiris.com.co\/v3\/wp-json\/wp\/v2\/posts\/24416","targetHints":{"allow":["GET"]}}],"collection":[{"href":"https:\/\/arcoiris.com.co\/v3\/wp-json\/wp\/v2\/posts"}],"about":[{"href":"https:\/\/arcoiris.com.co\/v3\/wp-json\/wp\/v2\/types\/post"}],"author":[{"embeddable":true,"href":"https:\/\/arcoiris.com.co\/v3\/wp-json\/wp\/v2\/users\/5"}],"replies":[{"embeddable":true,"href":"https:\/\/arcoiris.com.co\/v3\/wp-json\/wp\/v2\/comments?post=24416"}],"version-history":[{"count":0,"href":"https:\/\/arcoiris.com.co\/v3\/wp-json\/wp\/v2\/posts\/24416\/revisions"}],"wp:featuredmedia":[{"embeddable":true,"href":"https:\/\/arcoiris.com.co\/v3\/wp-json\/wp\/v2\/media\/24426"}],"wp:attachment":[{"href":"https:\/\/arcoiris.com.co\/v3\/wp-json\/wp\/v2\/media?parent=24416"}],"wp:term":[{"taxonomy":"category","embeddable":true,"href":"https:\/\/arcoiris.com.co\/v3\/wp-json\/wp\/v2\/categories?post=24416"},{"taxonomy":"post_tag","embeddable":true,"href":"https:\/\/arcoiris.com.co\/v3\/wp-json\/wp\/v2\/tags?post=24416"}],"curies":[{"name":"wp","href":"https:\/\/api.w.org\/{rel}","templated":true}]}}