{"id":24525,"date":"2021-11-17T14:34:07","date_gmt":"2021-11-17T19:34:07","guid":{"rendered":"https:\/\/arcoiris.com.co\/v3\/?p=24525"},"modified":"2021-11-17T14:34:10","modified_gmt":"2021-11-17T19:34:10","slug":"duque-y-la-juventud","status":"publish","type":"post","link":"https:\/\/arcoiris.com.co\/v3\/2021\/11\/duque-y-la-juventud\/","title":{"rendered":"Duque y la juventud"},"content":{"rendered":"\n<p>Por Walter Aldana<\/p>\n\n\n\n<p>Los j\u00f3venes y estudiantes del pa\u00eds, reafirman su tesis de ser el presente y se evidenci\u00f3 con mayor raz\u00f3n a partir de su papel protag\u00f3nico en el llamado por muchos estallido social, iniciado en el 21 de noviembre del 2019.<\/p>\n\n\n\n<p>Y como reacci\u00f3n a ese vigor en la movilizaci\u00f3n social, la paquid\u00e9rmica institucionalidad, con la exagerada difusi\u00f3n de los grandes medios de comunicaci\u00f3n, se dio a la tarea de impulsar un programa denominado \u201cpacto por los j\u00f3venes de Colombia\u00bb.<\/p>\n\n\n\n<p>Aquellos muchachos rebeldes en su mayor\u00eda hacen parte seg\u00fan el DANE del 42,5% de los colombianos que viven en la pobreza, es decir alrededor de 21 millones y del 15% que vive en pobreza extrema, necesario es recordar que para la instituci\u00f3n si al dividir el total de ingresos en el n\u00famero de integrantes del hogar, la cifra se encuentra en el rango de $653.781 mil pesos a $3\u2019550.360 mensuales; estos ciudadanos <strong>\u201chacen parte de la clase media\u00b7.<\/strong><\/p>\n\n\n\n<p>Expresa el DANE que, en Colombia los j\u00f3venes representan el 21,8%, es decir cerca de 10.990.268 de la poblaci\u00f3n total, <strong>el 27,7% de los j\u00f3venes no estudia ni trabaja <\/strong>y seg\u00fan la gran encuesta nacional sobre j\u00f3venes realizada del 6 al 12 de mayo del presente a\u00f1o \u201cel 91% de los encuestados manifest\u00f3 que se han movilizado en rechazo al gobierno nacional y el 84% afirmaron sentirse representados en el paro nacional\u201d.<\/p>\n\n\n\n<p>Y la Matr\u00edcula Cero se convirti\u00f3 no en la \u00fanica reivindicaci\u00f3n, pero s\u00ed en la m\u00e1s movilizadora en j\u00f3venes y es \u201cGarantizar la gratuidad universal de la educaci\u00f3n superior en todo el pa\u00eds para acceder a los programas de pregrado y posgrado en todas sus modalidades y propone que se disponga nuevos recursos del presupuesto general de la naci\u00f3n para su financiaci\u00f3n\u201d.<\/p>\n\n\n\n<p>Para Rimisp (centro latinoamericano para el desarrollo rural) con publicaci\u00f3n en p\u00e1gina de internet de fecha mayo 31 de 2021: \u201cA pesar de la poca confianza de los j\u00f3venes encuestados en las instituciones, el 87% de ellos considera que votar es una forma de ayudar a transformar y solucionar los problemas del pa\u00eds, opini\u00f3n que se repite en los encuestados de todos los niveles socioecon\u00f3micos. Frente a esto, el 89% de ellos manifestaron su intenci\u00f3n de votar en las elecciones de 2022 para Congreso y Presidencia y ven esta como otra oportunidad para cambiar en las urnas, por lo que hoy luchan en las calles\u201d.<\/p>\n\n\n\n<p>De ah\u00ed la preocupaci\u00f3n de Duque, por eso monta su programita: \u201cpacto por los j\u00f3venes de Colombia\u201d, pacto es el hist\u00f3rico que s\u00ed los incluye.<\/p>\n","protected":false},"excerpt":{"rendered":"<p>Por Walter Aldana Los j\u00f3venes y estudiantes del pa\u00eds, reafirman su tesis de ser el presente y se evidenci\u00f3 con mayor raz\u00f3n a partir de su papel protag\u00f3nico en el llamado por muchos estallido social, iniciado en el 21 de noviembre del 2019. Y como reacci\u00f3n a ese vigor en la movilizaci\u00f3n social, la paquid\u00e9rmica [&hellip;]<\/p>\n","protected":false},"author":5,"featured_media":24526,"comment_status":"closed","ping_status":"closed","sticky":true,"template":"","format":"standard","meta":{"_et_pb_use_builder":"","_et_pb_old_content":"","_et_gb_content_width":"","footnotes":""},"categories":[633,648],"tags":[],"class_list":["post-24525","post","type-post","status-publish","format-standard","has-post-thumbnail","hentry","category-opinion","category-protesta-y-movilizacion-social"],"_links":{"self":[{"href":"https:\/\/arcoiris.com.co\/v3\/wp-json\/wp\/v2\/posts\/24525","targetHints":{"allow":["GET"]}}],"collection":[{"href":"https:\/\/arcoiris.com.co\/v3\/wp-json\/wp\/v2\/posts"}],"about":[{"href":"https:\/\/arcoiris.com.co\/v3\/wp-json\/wp\/v2\/types\/post"}],"author":[{"embeddable":true,"href":"https:\/\/arcoiris.com.co\/v3\/wp-json\/wp\/v2\/users\/5"}],"replies":[{"embeddable":true,"href":"https:\/\/arcoiris.com.co\/v3\/wp-json\/wp\/v2\/comments?post=24525"}],"version-history":[{"count":0,"href":"https:\/\/arcoiris.com.co\/v3\/wp-json\/wp\/v2\/posts\/24525\/revisions"}],"wp:featuredmedia":[{"embeddable":true,"href":"https:\/\/arcoiris.com.co\/v3\/wp-json\/wp\/v2\/media\/24526"}],"wp:attachment":[{"href":"https:\/\/arcoiris.com.co\/v3\/wp-json\/wp\/v2\/media?parent=24525"}],"wp:term":[{"taxonomy":"category","embeddable":true,"href":"https:\/\/arcoiris.com.co\/v3\/wp-json\/wp\/v2\/categories?post=24525"},{"taxonomy":"post_tag","embeddable":true,"href":"https:\/\/arcoiris.com.co\/v3\/wp-json\/wp\/v2\/tags?post=24525"}],"curies":[{"name":"wp","href":"https:\/\/api.w.org\/{rel}","templated":true}]}}