{"id":24816,"date":"2022-08-17T11:52:20","date_gmt":"2022-08-17T16:52:20","guid":{"rendered":"https:\/\/arcoiris.com.co\/v3\/?p=24816"},"modified":"2022-08-17T11:52:28","modified_gmt":"2022-08-17T16:52:28","slug":"festival-petronio-alvarez","status":"publish","type":"post","link":"https:\/\/arcoiris.com.co\/v3\/2022\/08\/festival-petronio-alvarez\/","title":{"rendered":"Festival Petronio \u00c1lvarez"},"content":{"rendered":"\n<p>Por Walter Aldana<\/p>\n\n\n\n<p>La versi\u00f3n n\u00famero 26 de este reencuentro del pueblo negro del Litoral Pac\u00edfico, est\u00e1 precedido de un discurso pronunciado por el presidente Gustavo Petro en la cumbre del Pac\u00edfico, donde concluy\u00f3 con una frase que dibuja en el imaginario colectivo los vientos del bello Litoral Pac\u00edfico, hacia Colombia, sentenci\u00f3: \u00abeste pa\u00eds estuvo gobernado por los descendientes de los esclavistas y a partir del pasado 19 de junio, est\u00e1 dirigido por los descendientes de los esclavos\u00bb.<br \/>Y es que se\u00f1al\u00f3 el Sr. Presidente el racismo como la causa de la pobreza de este litoral como consecuencia del trato revanchista del sector andino, ante la rebelde actuaci\u00f3n de buscar la libertad en palenques libres, en estos territorios a orillas del mar.<\/p>\n\n\n\n<p>Dijo tambi\u00e9n que la prioridad de actuaciones e inversiones del gobierno nacional ser\u00e1 este litoral profundo, porque es vergonzoso como naci\u00f3n tener empobrecida la regi\u00f3n del pac\u00edfico. Y me he preguntado muchas veces c\u00f3mo son nuestras hermanas y hermanos tan felices a\u00fan en medio de esta situaci\u00f3n, y para encontrar respuestas, definitivamente hay que ir al festival Petronio Alvarez. Tres grandes secciones, bebidas tradicionales (entre otras, arrech\u00f3n, curado, tumba catre), cocina propia (camarones, langostinos, jaiba, etc ) y pasarela de moda propia, con los colores y dise\u00f1os caracter\u00edsticos del pueblo afro, r\u00edos de personas nacidas en este Litoral, m\u00e1s habitantes del sur del pa\u00eds entraban y sal\u00edan de la unidad deportiva Alberto Galindo, se dice que acoge ca a\u00f1o de 100 a 200 mil visitantes.<\/p>\n\n\n\n<p>El Petronio es el grito de rebeld\u00eda, es el encuentro de quienes desde su ancestralidad se reconocen, est\u00e9n habitando el sitio que sea, pues se trasladaron con su cultura, sus religiones y pr\u00e1cticas.<\/p>\n\n\n\n<p>Definitivamente es hist\u00f3rico, se discute la creaci\u00f3n de una Regi\u00f3n de planeaci\u00f3n y gesti\u00f3n, en el camino hacia un departamento del litoral pac\u00edfico. El Petronio es: alegr\u00eda, encuentro, m\u00fasica, comida, moda, identidad y sentido de pertenencia.<\/p>\n","protected":false},"excerpt":{"rendered":"<p>Por Walter Aldana La versi\u00f3n n\u00famero 26 de este reencuentro del pueblo negro del Litoral Pac\u00edfico, est\u00e1 precedido de un discurso pronunciado por el presidente Gustavo Petro en la cumbre del Pac\u00edfico, donde concluy\u00f3 con una frase que dibuja en el imaginario colectivo los vientos del bello Litoral Pac\u00edfico, hacia Colombia, sentenci\u00f3: \u00abeste pa\u00eds estuvo [&hellip;]<\/p>\n","protected":false},"author":109,"featured_media":24817,"comment_status":"closed","ping_status":"closed","sticky":true,"template":"","format":"standard","meta":{"_et_pb_use_builder":"","_et_pb_old_content":"","_et_gb_content_width":"","footnotes":""},"categories":[633,41],"tags":[],"class_list":["post-24816","post","type-post","status-publish","format-standard","has-post-thumbnail","hentry","category-opinion","category-territorio-y-desarrollo"],"_links":{"self":[{"href":"https:\/\/arcoiris.com.co\/v3\/wp-json\/wp\/v2\/posts\/24816","targetHints":{"allow":["GET"]}}],"collection":[{"href":"https:\/\/arcoiris.com.co\/v3\/wp-json\/wp\/v2\/posts"}],"about":[{"href":"https:\/\/arcoiris.com.co\/v3\/wp-json\/wp\/v2\/types\/post"}],"author":[{"embeddable":true,"href":"https:\/\/arcoiris.com.co\/v3\/wp-json\/wp\/v2\/users\/109"}],"replies":[{"embeddable":true,"href":"https:\/\/arcoiris.com.co\/v3\/wp-json\/wp\/v2\/comments?post=24816"}],"version-history":[{"count":0,"href":"https:\/\/arcoiris.com.co\/v3\/wp-json\/wp\/v2\/posts\/24816\/revisions"}],"wp:featuredmedia":[{"embeddable":true,"href":"https:\/\/arcoiris.com.co\/v3\/wp-json\/wp\/v2\/media\/24817"}],"wp:attachment":[{"href":"https:\/\/arcoiris.com.co\/v3\/wp-json\/wp\/v2\/media?parent=24816"}],"wp:term":[{"taxonomy":"category","embeddable":true,"href":"https:\/\/arcoiris.com.co\/v3\/wp-json\/wp\/v2\/categories?post=24816"},{"taxonomy":"post_tag","embeddable":true,"href":"https:\/\/arcoiris.com.co\/v3\/wp-json\/wp\/v2\/tags?post=24816"}],"curies":[{"name":"wp","href":"https:\/\/api.w.org\/{rel}","templated":true}]}}